{"id":850,"date":"2019-12-07T09:47:05","date_gmt":"2019-12-07T08:47:05","guid":{"rendered":"http:\/\/bwbienen.com\/Homepage\/?p=850"},"modified":"2019-12-07T09:47:05","modified_gmt":"2019-12-07T08:47:05","slug":"weihnachtliche-sammelaktion-der-fussballjugend-in-bienen-und-nikolausfeier-der-f-und-g-jugend","status":"publish","type":"post","link":"https:\/\/bwbienen.com\/Homepage\/2019\/12\/07\/weihnachtliche-sammelaktion-der-fussballjugend-in-bienen-und-nikolausfeier-der-f-und-g-jugend\/","title":{"rendered":"Weihnachtliche Sammelaktion der Fu\u00dfballjugend in Bienen und Nikolausfeier der F- und G-Jugend"},"content":{"rendered":"\n<figure class=\"wp-block-image\"><img fetchpriority=\"high\" decoding=\"async\" width=\"1024\" height=\"768\" src=\"https:\/\/bwbienen.com\/Homepage\/wp-content\/uploads\/2019\/12\/Weihnachtskarte-hohe-Aufl\u00f6sung-1024x768.jpg\" alt=\"\" class=\"wp-image-851\" srcset=\"https:\/\/bwbienen.com\/Homepage\/wp-content\/uploads\/2019\/12\/Weihnachtskarte-hohe-Aufl\u00f6sung-1024x768.jpg 1024w, https:\/\/bwbienen.com\/Homepage\/wp-content\/uploads\/2019\/12\/Weihnachtskarte-hohe-Aufl\u00f6sung-300x225.jpg 300w, https:\/\/bwbienen.com\/Homepage\/wp-content\/uploads\/2019\/12\/Weihnachtskarte-hohe-Aufl\u00f6sung-768x576.jpg 768w, https:\/\/bwbienen.com\/Homepage\/wp-content\/uploads\/2019\/12\/Weihnachtskarte-hohe-Aufl\u00f6sung-1x1.jpg 1w\" sizes=\"(max-width: 1024px) 100vw, 1024px\" \/><\/figure>\n\n\n\n<p>Die\nHinserie der Fu\u00dfball-Jugend ist f\u00fcr die meisten Mannschaften abgeschlossen,\ndenn der 1. Advent steht vor der T\u00fcr. Am Samstagmorgen 07.12.19 treffen sich\nKinder, Jugendliche, Trainer, Betreuer und einige Organisatoren der\nJugendspielgemeinschaft Bienen-Millingen um 10.30 Uhr in Bienen am Clubheim, um\nvon dort durch Bienen, Androp, Hueth und Grietherbusch zu ziehen. Auch in\ndiesem Jahr soll den Einwohnern eine Weihnachtskarte \u00fcberbracht werden, im\nGegenzug wird um eine Spende f\u00fcr die Fu\u00dfballjugend gebeten, der komplette Erl\u00f6s\nist f\u00fcr die Jugendkasse bestimmt. <\/p>\n\n\n\n<p>Die Kinder ziehen in kleinen Gruppen durch das Dorf, alle hoffen auf trockenes Wetter und auf viele anwesende Einwohner. Das Ende ist f\u00fcr ca. 13.30 Uhr geplant, dann gibt es f\u00fcr die Aktiven warme Getr\u00e4nke, Obst und W\u00fcrstchen. Die Jugendleitung erwartet viele Kinder und Jugendliche, eine gelungene Aktion und hofft auf gute Unterst\u00fctzung der Bev\u00f6lkerung.\u00a0 <br> <br>Ab\n14.00 Uhr treffen sich dann die Fu\u00dfball-Kinder, ihre Geschwister und Eltern der\nBambinis und der F-Jugend zur Nikolausfeier, die in <\/p>\n\n\n\n<p>diesem\nJahr erstmals in Bienen (Clubheim) stattfindet. Nach dem Kaffeetrinken kommt\nder Nikolaus vorbei, ab ca. 15.00 Uhr finden in der Turnhalle in Bienen noch\nsportliche Aktivit\u00e4ten statt. <\/p>\n","protected":false},"excerpt":{"rendered":"<p>Die Hinserie der Fu\u00dfball-Jugend ist f\u00fcr die meisten Mannschaften abgeschlossen, denn der 1. Advent steht vor der T\u00fcr. Am Samstagmorgen 07.12.19 treffen sich Kinder, Jugendliche, Trainer, Betreuer und einige Organisatoren der Jugendspielgemeinschaft Bienen-Millingen um 10.30 Uhr in Bienen am Clubheim, um von dort durch Bienen, Androp, Hueth und Grietherbusch zu ziehen. Auch in diesem Jahr [&hellip;]<\/p>\n","protected":false},"author":3,"featured_media":0,"comment_status":"open","ping_status":"open","sticky":false,"template":"","format":"standard","meta":{"footnotes":""},"categories":[1],"tags":[],"class_list":["post-850","post","type-post","status-publish","format-standard","hentry","category-allgemein"],"yoast_head":"<!-- This site is optimized with the Yoast SEO plugin v27.4 - https:\/\/yoast.com\/product\/yoast-seo-wordpress\/ -->\n<title>Weihnachtliche Sammelaktion der Fu\u00dfballjugend in Bienen und Nikolausfeier der F- und G-Jugend - BW Bienen<\/title>\n<meta name=\"robots\" content=\"index, follow, max-snippet:-1, max-image-preview:large, max-video-preview:-1\" \/>\n<link rel=\"canonical\" href=\"https:\/\/bwbienen.com\/Homepage\/2019\/12\/07\/weihnachtliche-sammelaktion-der-fussballjugend-in-bienen-und-nikolausfeier-der-f-und-g-jugend\/\" \/>\n<meta property=\"og:locale\" content=\"de_DE\" \/>\n<meta property=\"og:type\" content=\"article\" \/>\n<meta property=\"og:title\" content=\"Weihnachtliche Sammelaktion der Fu\u00dfballjugend in Bienen und Nikolausfeier der F- und G-Jugend - BW Bienen\" \/>\n<meta property=\"og:description\" content=\"Die Hinserie der Fu\u00dfball-Jugend ist f\u00fcr die meisten Mannschaften abgeschlossen, denn der 1. Advent steht vor der T\u00fcr. Am Samstagmorgen 07.12.19 treffen sich Kinder, Jugendliche, Trainer, Betreuer und einige Organisatoren der Jugendspielgemeinschaft Bienen-Millingen um 10.30 Uhr in Bienen am Clubheim, um von dort durch Bienen, Androp, Hueth und Grietherbusch zu ziehen. Auch in diesem Jahr [&hellip;]\" \/>\n<meta property=\"og:url\" content=\"https:\/\/bwbienen.com\/Homepage\/2019\/12\/07\/weihnachtliche-sammelaktion-der-fussballjugend-in-bienen-und-nikolausfeier-der-f-und-g-jugend\/\" \/>\n<meta property=\"og:site_name\" content=\"BW Bienen\" \/>\n<meta property=\"article:published_time\" content=\"2019-12-07T08:47:05+00:00\" \/>\n<meta name=\"author\" content=\"Frederik Br\u00fccker\" \/>\n<meta name=\"twitter:card\" content=\"summary_large_image\" \/>\n<meta name=\"twitter:label1\" content=\"Verfasst von\" \/>\n\t<meta name=\"twitter:data1\" content=\"Frederik Br\u00fccker\" \/>\n\t<meta name=\"twitter:label2\" content=\"Gesch\u00e4tzte Lesezeit\" \/>\n\t<meta name=\"twitter:data2\" content=\"1\u00a0Minute\" \/>\n<script type=\"application\/ld+json\" class=\"yoast-schema-graph\">{\"@context\":\"https:\\\/\\\/schema.org\",\"@graph\":[{\"@type\":\"Article\",\"@id\":\"https:\\\/\\\/bwbienen.com\\\/Homepage\\\/2019\\\/12\\\/07\\\/weihnachtliche-sammelaktion-der-fussballjugend-in-bienen-und-nikolausfeier-der-f-und-g-jugend\\\/#article\",\"isPartOf\":{\"@id\":\"https:\\\/\\\/bwbienen.com\\\/Homepage\\\/2019\\\/12\\\/07\\\/weihnachtliche-sammelaktion-der-fussballjugend-in-bienen-und-nikolausfeier-der-f-und-g-jugend\\\/\"},\"author\":{\"name\":\"Frederik Br\u00fccker\",\"@id\":\"https:\\\/\\\/bwbienen.com\\\/Homepage\\\/#\\\/schema\\\/person\\\/356a05f91b949c41a1add8d89415d2f2\"},\"headline\":\"Weihnachtliche Sammelaktion der Fu\u00dfballjugend in Bienen und Nikolausfeier der F- und G-Jugend\",\"datePublished\":\"2019-12-07T08:47:05+00:00\",\"mainEntityOfPage\":{\"@id\":\"https:\\\/\\\/bwbienen.com\\\/Homepage\\\/2019\\\/12\\\/07\\\/weihnachtliche-sammelaktion-der-fussballjugend-in-bienen-und-nikolausfeier-der-f-und-g-jugend\\\/\"},\"wordCount\":206,\"commentCount\":0,\"inLanguage\":\"de\",\"potentialAction\":[{\"@type\":\"CommentAction\",\"name\":\"Comment\",\"target\":[\"https:\\\/\\\/bwbienen.com\\\/Homepage\\\/2019\\\/12\\\/07\\\/weihnachtliche-sammelaktion-der-fussballjugend-in-bienen-und-nikolausfeier-der-f-und-g-jugend\\\/#respond\"]}]},{\"@type\":\"WebPage\",\"@id\":\"https:\\\/\\\/bwbienen.com\\\/Homepage\\\/2019\\\/12\\\/07\\\/weihnachtliche-sammelaktion-der-fussballjugend-in-bienen-und-nikolausfeier-der-f-und-g-jugend\\\/\",\"url\":\"https:\\\/\\\/bwbienen.com\\\/Homepage\\\/2019\\\/12\\\/07\\\/weihnachtliche-sammelaktion-der-fussballjugend-in-bienen-und-nikolausfeier-der-f-und-g-jugend\\\/\",\"name\":\"Weihnachtliche Sammelaktion der Fu\u00dfballjugend in Bienen und Nikolausfeier der F- und G-Jugend - BW Bienen\",\"isPartOf\":{\"@id\":\"https:\\\/\\\/bwbienen.com\\\/Homepage\\\/#website\"},\"datePublished\":\"2019-12-07T08:47:05+00:00\",\"author\":{\"@id\":\"https:\\\/\\\/bwbienen.com\\\/Homepage\\\/#\\\/schema\\\/person\\\/356a05f91b949c41a1add8d89415d2f2\"},\"breadcrumb\":{\"@id\":\"https:\\\/\\\/bwbienen.com\\\/Homepage\\\/2019\\\/12\\\/07\\\/weihnachtliche-sammelaktion-der-fussballjugend-in-bienen-und-nikolausfeier-der-f-und-g-jugend\\\/#breadcrumb\"},\"inLanguage\":\"de\",\"potentialAction\":[{\"@type\":\"ReadAction\",\"target\":[\"https:\\\/\\\/bwbienen.com\\\/Homepage\\\/2019\\\/12\\\/07\\\/weihnachtliche-sammelaktion-der-fussballjugend-in-bienen-und-nikolausfeier-der-f-und-g-jugend\\\/\"]}]},{\"@type\":\"BreadcrumbList\",\"@id\":\"https:\\\/\\\/bwbienen.com\\\/Homepage\\\/2019\\\/12\\\/07\\\/weihnachtliche-sammelaktion-der-fussballjugend-in-bienen-und-nikolausfeier-der-f-und-g-jugend\\\/#breadcrumb\",\"itemListElement\":[{\"@type\":\"ListItem\",\"position\":1,\"name\":\"Startseite\",\"item\":\"https:\\\/\\\/bwbienen.com\\\/Homepage\\\/\"},{\"@type\":\"ListItem\",\"position\":2,\"name\":\"Weihnachtliche Sammelaktion der Fu\u00dfballjugend in Bienen und Nikolausfeier der F- und G-Jugend\"}]},{\"@type\":\"WebSite\",\"@id\":\"https:\\\/\\\/bwbienen.com\\\/Homepage\\\/#website\",\"url\":\"https:\\\/\\\/bwbienen.com\\\/Homepage\\\/\",\"name\":\"BW Bienen\",\"description\":\"Der Fu\u00dfballverein am Niederrhein\",\"potentialAction\":[{\"@type\":\"SearchAction\",\"target\":{\"@type\":\"EntryPoint\",\"urlTemplate\":\"https:\\\/\\\/bwbienen.com\\\/Homepage\\\/?s={search_term_string}\"},\"query-input\":{\"@type\":\"PropertyValueSpecification\",\"valueRequired\":true,\"valueName\":\"search_term_string\"}}],\"inLanguage\":\"de\"},{\"@type\":\"Person\",\"@id\":\"https:\\\/\\\/bwbienen.com\\\/Homepage\\\/#\\\/schema\\\/person\\\/356a05f91b949c41a1add8d89415d2f2\",\"name\":\"Frederik Br\u00fccker\",\"image\":{\"@type\":\"ImageObject\",\"inLanguage\":\"de\",\"@id\":\"https:\\\/\\\/secure.gravatar.com\\\/avatar\\\/285c51f6da6bbb0e61610fcafd645de554ef6ed580a3247061056d87dd7e010e?s=96&d=mm&r=g\",\"url\":\"https:\\\/\\\/secure.gravatar.com\\\/avatar\\\/285c51f6da6bbb0e61610fcafd645de554ef6ed580a3247061056d87dd7e010e?s=96&d=mm&r=g\",\"contentUrl\":\"https:\\\/\\\/secure.gravatar.com\\\/avatar\\\/285c51f6da6bbb0e61610fcafd645de554ef6ed580a3247061056d87dd7e010e?s=96&d=mm&r=g\",\"caption\":\"Frederik Br\u00fccker\"},\"url\":\"https:\\\/\\\/bwbienen.com\\\/Homepage\\\/author\\\/frederik\\\/\"}]}<\/script>\n<!-- \/ Yoast SEO plugin. -->","yoast_head_json":{"title":"Weihnachtliche Sammelaktion der Fu\u00dfballjugend in Bienen und Nikolausfeier der F- und G-Jugend - BW Bienen","robots":{"index":"index","follow":"follow","max-snippet":"max-snippet:-1","max-image-preview":"max-image-preview:large","max-video-preview":"max-video-preview:-1"},"canonical":"https:\/\/bwbienen.com\/Homepage\/2019\/12\/07\/weihnachtliche-sammelaktion-der-fussballjugend-in-bienen-und-nikolausfeier-der-f-und-g-jugend\/","og_locale":"de_DE","og_type":"article","og_title":"Weihnachtliche Sammelaktion der Fu\u00dfballjugend in Bienen und Nikolausfeier der F- und G-Jugend - BW Bienen","og_description":"Die Hinserie der Fu\u00dfball-Jugend ist f\u00fcr die meisten Mannschaften abgeschlossen, denn der 1. Advent steht vor der T\u00fcr. Am Samstagmorgen 07.12.19 treffen sich Kinder, Jugendliche, Trainer, Betreuer und einige Organisatoren der Jugendspielgemeinschaft Bienen-Millingen um 10.30 Uhr in Bienen am Clubheim, um von dort durch Bienen, Androp, Hueth und Grietherbusch zu ziehen. Auch in diesem Jahr [&hellip;]","og_url":"https:\/\/bwbienen.com\/Homepage\/2019\/12\/07\/weihnachtliche-sammelaktion-der-fussballjugend-in-bienen-und-nikolausfeier-der-f-und-g-jugend\/","og_site_name":"BW Bienen","article_published_time":"2019-12-07T08:47:05+00:00","author":"Frederik Br\u00fccker","twitter_card":"summary_large_image","twitter_misc":{"Verfasst von":"Frederik Br\u00fccker","Gesch\u00e4tzte Lesezeit":"1\u00a0Minute"},"schema":{"@context":"https:\/\/schema.org","@graph":[{"@type":"Article","@id":"https:\/\/bwbienen.com\/Homepage\/2019\/12\/07\/weihnachtliche-sammelaktion-der-fussballjugend-in-bienen-und-nikolausfeier-der-f-und-g-jugend\/#article","isPartOf":{"@id":"https:\/\/bwbienen.com\/Homepage\/2019\/12\/07\/weihnachtliche-sammelaktion-der-fussballjugend-in-bienen-und-nikolausfeier-der-f-und-g-jugend\/"},"author":{"name":"Frederik Br\u00fccker","@id":"https:\/\/bwbienen.com\/Homepage\/#\/schema\/person\/356a05f91b949c41a1add8d89415d2f2"},"headline":"Weihnachtliche Sammelaktion der Fu\u00dfballjugend in Bienen und Nikolausfeier der F- und G-Jugend","datePublished":"2019-12-07T08:47:05+00:00","mainEntityOfPage":{"@id":"https:\/\/bwbienen.com\/Homepage\/2019\/12\/07\/weihnachtliche-sammelaktion-der-fussballjugend-in-bienen-und-nikolausfeier-der-f-und-g-jugend\/"},"wordCount":206,"commentCount":0,"inLanguage":"de","potentialAction":[{"@type":"CommentAction","name":"Comment","target":["https:\/\/bwbienen.com\/Homepage\/2019\/12\/07\/weihnachtliche-sammelaktion-der-fussballjugend-in-bienen-und-nikolausfeier-der-f-und-g-jugend\/#respond"]}]},{"@type":"WebPage","@id":"https:\/\/bwbienen.com\/Homepage\/2019\/12\/07\/weihnachtliche-sammelaktion-der-fussballjugend-in-bienen-und-nikolausfeier-der-f-und-g-jugend\/","url":"https:\/\/bwbienen.com\/Homepage\/2019\/12\/07\/weihnachtliche-sammelaktion-der-fussballjugend-in-bienen-und-nikolausfeier-der-f-und-g-jugend\/","name":"Weihnachtliche Sammelaktion der Fu\u00dfballjugend in Bienen und Nikolausfeier der F- und G-Jugend - BW Bienen","isPartOf":{"@id":"https:\/\/bwbienen.com\/Homepage\/#website"},"datePublished":"2019-12-07T08:47:05+00:00","author":{"@id":"https:\/\/bwbienen.com\/Homepage\/#\/schema\/person\/356a05f91b949c41a1add8d89415d2f2"},"breadcrumb":{"@id":"https:\/\/bwbienen.com\/Homepage\/2019\/12\/07\/weihnachtliche-sammelaktion-der-fussballjugend-in-bienen-und-nikolausfeier-der-f-und-g-jugend\/#breadcrumb"},"inLanguage":"de","potentialAction":[{"@type":"ReadAction","target":["https:\/\/bwbienen.com\/Homepage\/2019\/12\/07\/weihnachtliche-sammelaktion-der-fussballjugend-in-bienen-und-nikolausfeier-der-f-und-g-jugend\/"]}]},{"@type":"BreadcrumbList","@id":"https:\/\/bwbienen.com\/Homepage\/2019\/12\/07\/weihnachtliche-sammelaktion-der-fussballjugend-in-bienen-und-nikolausfeier-der-f-und-g-jugend\/#breadcrumb","itemListElement":[{"@type":"ListItem","position":1,"name":"Startseite","item":"https:\/\/bwbienen.com\/Homepage\/"},{"@type":"ListItem","position":2,"name":"Weihnachtliche Sammelaktion der Fu\u00dfballjugend in Bienen und Nikolausfeier der F- und G-Jugend"}]},{"@type":"WebSite","@id":"https:\/\/bwbienen.com\/Homepage\/#website","url":"https:\/\/bwbienen.com\/Homepage\/","name":"BW Bienen","description":"Der Fu\u00dfballverein am Niederrhein","potentialAction":[{"@type":"SearchAction","target":{"@type":"EntryPoint","urlTemplate":"https:\/\/bwbienen.com\/Homepage\/?s={search_term_string}"},"query-input":{"@type":"PropertyValueSpecification","valueRequired":true,"valueName":"search_term_string"}}],"inLanguage":"de"},{"@type":"Person","@id":"https:\/\/bwbienen.com\/Homepage\/#\/schema\/person\/356a05f91b949c41a1add8d89415d2f2","name":"Frederik Br\u00fccker","image":{"@type":"ImageObject","inLanguage":"de","@id":"https:\/\/secure.gravatar.com\/avatar\/285c51f6da6bbb0e61610fcafd645de554ef6ed580a3247061056d87dd7e010e?s=96&d=mm&r=g","url":"https:\/\/secure.gravatar.com\/avatar\/285c51f6da6bbb0e61610fcafd645de554ef6ed580a3247061056d87dd7e010e?s=96&d=mm&r=g","contentUrl":"https:\/\/secure.gravatar.com\/avatar\/285c51f6da6bbb0e61610fcafd645de554ef6ed580a3247061056d87dd7e010e?s=96&d=mm&r=g","caption":"Frederik Br\u00fccker"},"url":"https:\/\/bwbienen.com\/Homepage\/author\/frederik\/"}]}},"_links":{"self":[{"href":"https:\/\/bwbienen.com\/Homepage\/wp-json\/wp\/v2\/posts\/850","targetHints":{"allow":["GET"]}}],"collection":[{"href":"https:\/\/bwbienen.com\/Homepage\/wp-json\/wp\/v2\/posts"}],"about":[{"href":"https:\/\/bwbienen.com\/Homepage\/wp-json\/wp\/v2\/types\/post"}],"author":[{"embeddable":true,"href":"https:\/\/bwbienen.com\/Homepage\/wp-json\/wp\/v2\/users\/3"}],"replies":[{"embeddable":true,"href":"https:\/\/bwbienen.com\/Homepage\/wp-json\/wp\/v2\/comments?post=850"}],"version-history":[{"count":1,"href":"https:\/\/bwbienen.com\/Homepage\/wp-json\/wp\/v2\/posts\/850\/revisions"}],"predecessor-version":[{"id":852,"href":"https:\/\/bwbienen.com\/Homepage\/wp-json\/wp\/v2\/posts\/850\/revisions\/852"}],"wp:attachment":[{"href":"https:\/\/bwbienen.com\/Homepage\/wp-json\/wp\/v2\/media?parent=850"}],"wp:term":[{"taxonomy":"category","embeddable":true,"href":"https:\/\/bwbienen.com\/Homepage\/wp-json\/wp\/v2\/categories?post=850"},{"taxonomy":"post_tag","embeddable":true,"href":"https:\/\/bwbienen.com\/Homepage\/wp-json\/wp\/v2\/tags?post=850"}],"curies":[{"name":"wp","href":"https:\/\/api.w.org\/{rel}","templated":true}]}}