{"id":1921,"date":"2026-03-07T13:56:07","date_gmt":"2026-03-07T12:56:07","guid":{"rendered":"https:\/\/bwbienen.com\/Homepage\/?p=1921"},"modified":"2026-03-07T13:56:07","modified_gmt":"2026-03-07T12:56:07","slug":"neue-ausstattung-fuer-die-f2-vielen-dank-an-unsere-sponsoren","status":"publish","type":"post","link":"https:\/\/bwbienen.com\/Homepage\/2026\/03\/07\/neue-ausstattung-fuer-die-f2-vielen-dank-an-unsere-sponsoren\/","title":{"rendered":"Neue Ausstattung f\u00fcr die F2 \u2013 Vielen Dank an unsere Sponsoren!"},"content":{"rendered":"<p><span style=\"font-size: 14px; -webkit-text-size-adjust: 100%;\">Die F2-Fu\u00dfballmannschaft durfte sich \u00fcber eine tolle neue Ausstattung freuen. Dank der Unterst\u00fctzung der <\/span><strong style=\"font-size: 14px; -webkit-text-size-adjust: 100%;\">Alden Vermarktung West GmbH <\/strong><span style=\"font-size: 14px; -webkit-text-size-adjust: 100%;\">wurden die Spieler mit neuen Regenjacken ausgestattet. Zus\u00e4tzlich erhielt das Team von der <\/span><strong style=\"font-size: 14px; -webkit-text-size-adjust: 100%;\">Joormann GmbH Bauunternehmung<\/strong><span style=\"font-size: 14px; -webkit-text-size-adjust: 100%;\">\u00a0neue Trainingsanz\u00fcge.<\/span><\/p>\n<p>Die gesamte Mannschaft sowie das Trainerteam um Marco Temath, Hein van Alst und Matthias Beenen bedanken sich herzlich bei den gro\u00dfz\u00fcgigen Sponsoren f\u00fcr diese Unterst\u00fctzung.<\/p>\n<p>Mit den neuen Outfits freut sich das Team darauf, bei den kommenden Spielen gemeinsam aufzulaufen und mit viel Freude am Fu\u00dfball eine erfolgreiche weitere Saison zu erleben. \u26bd<\/p>\n<p><img fetchpriority=\"high\" decoding=\"async\" class=\"alignnone size-medium wp-image-1922\" src=\"https:\/\/bwbienen.com\/Homepage\/wp-content\/uploads\/2026\/03\/8aef0b61-0f53-4642-bdc2-0bfdea57eee0-300x225.jpeg\" alt=\"\" width=\"300\" height=\"225\" srcset=\"https:\/\/bwbienen.com\/Homepage\/wp-content\/uploads\/2026\/03\/8aef0b61-0f53-4642-bdc2-0bfdea57eee0-300x225.jpeg 300w, https:\/\/bwbienen.com\/Homepage\/wp-content\/uploads\/2026\/03\/8aef0b61-0f53-4642-bdc2-0bfdea57eee0-1024x767.jpeg 1024w, https:\/\/bwbienen.com\/Homepage\/wp-content\/uploads\/2026\/03\/8aef0b61-0f53-4642-bdc2-0bfdea57eee0-768x575.jpeg 768w, https:\/\/bwbienen.com\/Homepage\/wp-content\/uploads\/2026\/03\/8aef0b61-0f53-4642-bdc2-0bfdea57eee0-1536x1151.jpeg 1536w, https:\/\/bwbienen.com\/Homepage\/wp-content\/uploads\/2026\/03\/8aef0b61-0f53-4642-bdc2-0bfdea57eee0-128x96.jpeg 128w, https:\/\/bwbienen.com\/Homepage\/wp-content\/uploads\/2026\/03\/8aef0b61-0f53-4642-bdc2-0bfdea57eee0-32x24.jpeg 32w, https:\/\/bwbienen.com\/Homepage\/wp-content\/uploads\/2026\/03\/8aef0b61-0f53-4642-bdc2-0bfdea57eee0-1x1.jpeg 1w, https:\/\/bwbienen.com\/Homepage\/wp-content\/uploads\/2026\/03\/8aef0b61-0f53-4642-bdc2-0bfdea57eee0.jpeg 1842w\" sizes=\"(max-width: 300px) 100vw, 300px\" \/><\/p>\n","protected":false},"excerpt":{"rendered":"<p>Die F2-Fu\u00dfballmannschaft durfte sich \u00fcber eine tolle neue Ausstattung freuen. Dank der Unterst\u00fctzung der Alden Vermarktung West GmbH wurden die Spieler mit neuen Regenjacken ausgestattet. Zus\u00e4tzlich erhielt das Team von der Joormann GmbH Bauunternehmung\u00a0neue Trainingsanz\u00fcge. Die gesamte Mannschaft sowie das Trainerteam um Marco Temath, Hein van Alst und Matthias Beenen bedanken sich herzlich bei den [&hellip;]<\/p>\n","protected":false},"author":4,"featured_media":0,"comment_status":"open","ping_status":"open","sticky":false,"template":"","format":"standard","meta":{"footnotes":""},"categories":[1],"tags":[],"class_list":["post-1921","post","type-post","status-publish","format-standard","hentry","category-allgemein"],"yoast_head":"<!-- This site is optimized with the Yoast SEO plugin v27.5 - https:\/\/yoast.com\/product\/yoast-seo-wordpress\/ -->\n<title>Neue Ausstattung f\u00fcr die F2 \u2013 Vielen Dank an unsere Sponsoren! - BW Bienen<\/title>\n<meta name=\"robots\" content=\"index, follow, max-snippet:-1, max-image-preview:large, max-video-preview:-1\" \/>\n<link rel=\"canonical\" href=\"https:\/\/bwbienen.com\/Homepage\/2026\/03\/07\/neue-ausstattung-fuer-die-f2-vielen-dank-an-unsere-sponsoren\/\" \/>\n<meta property=\"og:locale\" content=\"de_DE\" \/>\n<meta property=\"og:type\" content=\"article\" \/>\n<meta property=\"og:title\" content=\"Neue Ausstattung f\u00fcr die F2 \u2013 Vielen Dank an unsere Sponsoren! - BW Bienen\" \/>\n<meta property=\"og:description\" content=\"Die F2-Fu\u00dfballmannschaft durfte sich \u00fcber eine tolle neue Ausstattung freuen. Dank der Unterst\u00fctzung der Alden Vermarktung West GmbH wurden die Spieler mit neuen Regenjacken ausgestattet. Zus\u00e4tzlich erhielt das Team von der Joormann GmbH Bauunternehmung\u00a0neue Trainingsanz\u00fcge. Die gesamte Mannschaft sowie das Trainerteam um Marco Temath, Hein van Alst und Matthias Beenen bedanken sich herzlich bei den [&hellip;]\" \/>\n<meta property=\"og:url\" content=\"https:\/\/bwbienen.com\/Homepage\/2026\/03\/07\/neue-ausstattung-fuer-die-f2-vielen-dank-an-unsere-sponsoren\/\" \/>\n<meta property=\"og:site_name\" content=\"BW Bienen\" \/>\n<meta property=\"article:published_time\" content=\"2026-03-07T12:56:07+00:00\" \/>\n<meta property=\"og:image\" content=\"https:\/\/bwbienen.com\/Homepage\/wp-content\/uploads\/2026\/03\/8aef0b61-0f53-4642-bdc2-0bfdea57eee0.jpeg\" \/>\n\t<meta property=\"og:image:width\" content=\"1842\" \/>\n\t<meta property=\"og:image:height\" content=\"1380\" \/>\n\t<meta property=\"og:image:type\" content=\"image\/jpeg\" \/>\n<meta name=\"author\" content=\"Raphael Schmitz\" \/>\n<meta name=\"twitter:card\" content=\"summary_large_image\" \/>\n<meta name=\"twitter:label1\" content=\"Verfasst von\" \/>\n\t<meta name=\"twitter:data1\" content=\"Raphael Schmitz\" \/>\n\t<meta name=\"twitter:label2\" content=\"Gesch\u00e4tzte Lesezeit\" \/>\n\t<meta name=\"twitter:data2\" content=\"1\u00a0Minute\" \/>\n<script type=\"application\/ld+json\" class=\"yoast-schema-graph\">{\"@context\":\"https:\\\/\\\/schema.org\",\"@graph\":[{\"@type\":\"Article\",\"@id\":\"https:\\\/\\\/bwbienen.com\\\/Homepage\\\/2026\\\/03\\\/07\\\/neue-ausstattung-fuer-die-f2-vielen-dank-an-unsere-sponsoren\\\/#article\",\"isPartOf\":{\"@id\":\"https:\\\/\\\/bwbienen.com\\\/Homepage\\\/2026\\\/03\\\/07\\\/neue-ausstattung-fuer-die-f2-vielen-dank-an-unsere-sponsoren\\\/\"},\"author\":{\"name\":\"Raphael Schmitz\",\"@id\":\"https:\\\/\\\/bwbienen.com\\\/Homepage\\\/#\\\/schema\\\/person\\\/5789cd13b7a345d6c9af4670aefef79b\"},\"headline\":\"Neue Ausstattung f\u00fcr die F2 \u2013 Vielen Dank an unsere Sponsoren!\",\"datePublished\":\"2026-03-07T12:56:07+00:00\",\"mainEntityOfPage\":{\"@id\":\"https:\\\/\\\/bwbienen.com\\\/Homepage\\\/2026\\\/03\\\/07\\\/neue-ausstattung-fuer-die-f2-vielen-dank-an-unsere-sponsoren\\\/\"},\"wordCount\":109,\"commentCount\":0,\"image\":{\"@id\":\"https:\\\/\\\/bwbienen.com\\\/Homepage\\\/2026\\\/03\\\/07\\\/neue-ausstattung-fuer-die-f2-vielen-dank-an-unsere-sponsoren\\\/#primaryimage\"},\"thumbnailUrl\":\"https:\\\/\\\/bwbienen.com\\\/Homepage\\\/wp-content\\\/uploads\\\/2026\\\/03\\\/8aef0b61-0f53-4642-bdc2-0bfdea57eee0-300x225.jpeg\",\"inLanguage\":\"de\",\"potentialAction\":[{\"@type\":\"CommentAction\",\"name\":\"Comment\",\"target\":[\"https:\\\/\\\/bwbienen.com\\\/Homepage\\\/2026\\\/03\\\/07\\\/neue-ausstattung-fuer-die-f2-vielen-dank-an-unsere-sponsoren\\\/#respond\"]}]},{\"@type\":\"WebPage\",\"@id\":\"https:\\\/\\\/bwbienen.com\\\/Homepage\\\/2026\\\/03\\\/07\\\/neue-ausstattung-fuer-die-f2-vielen-dank-an-unsere-sponsoren\\\/\",\"url\":\"https:\\\/\\\/bwbienen.com\\\/Homepage\\\/2026\\\/03\\\/07\\\/neue-ausstattung-fuer-die-f2-vielen-dank-an-unsere-sponsoren\\\/\",\"name\":\"Neue Ausstattung f\u00fcr die F2 \u2013 Vielen Dank an unsere Sponsoren! - BW Bienen\",\"isPartOf\":{\"@id\":\"https:\\\/\\\/bwbienen.com\\\/Homepage\\\/#website\"},\"primaryImageOfPage\":{\"@id\":\"https:\\\/\\\/bwbienen.com\\\/Homepage\\\/2026\\\/03\\\/07\\\/neue-ausstattung-fuer-die-f2-vielen-dank-an-unsere-sponsoren\\\/#primaryimage\"},\"image\":{\"@id\":\"https:\\\/\\\/bwbienen.com\\\/Homepage\\\/2026\\\/03\\\/07\\\/neue-ausstattung-fuer-die-f2-vielen-dank-an-unsere-sponsoren\\\/#primaryimage\"},\"thumbnailUrl\":\"https:\\\/\\\/bwbienen.com\\\/Homepage\\\/wp-content\\\/uploads\\\/2026\\\/03\\\/8aef0b61-0f53-4642-bdc2-0bfdea57eee0-300x225.jpeg\",\"datePublished\":\"2026-03-07T12:56:07+00:00\",\"author\":{\"@id\":\"https:\\\/\\\/bwbienen.com\\\/Homepage\\\/#\\\/schema\\\/person\\\/5789cd13b7a345d6c9af4670aefef79b\"},\"breadcrumb\":{\"@id\":\"https:\\\/\\\/bwbienen.com\\\/Homepage\\\/2026\\\/03\\\/07\\\/neue-ausstattung-fuer-die-f2-vielen-dank-an-unsere-sponsoren\\\/#breadcrumb\"},\"inLanguage\":\"de\",\"potentialAction\":[{\"@type\":\"ReadAction\",\"target\":[\"https:\\\/\\\/bwbienen.com\\\/Homepage\\\/2026\\\/03\\\/07\\\/neue-ausstattung-fuer-die-f2-vielen-dank-an-unsere-sponsoren\\\/\"]}]},{\"@type\":\"ImageObject\",\"inLanguage\":\"de\",\"@id\":\"https:\\\/\\\/bwbienen.com\\\/Homepage\\\/2026\\\/03\\\/07\\\/neue-ausstattung-fuer-die-f2-vielen-dank-an-unsere-sponsoren\\\/#primaryimage\",\"url\":\"https:\\\/\\\/bwbienen.com\\\/Homepage\\\/wp-content\\\/uploads\\\/2026\\\/03\\\/8aef0b61-0f53-4642-bdc2-0bfdea57eee0.jpeg\",\"contentUrl\":\"https:\\\/\\\/bwbienen.com\\\/Homepage\\\/wp-content\\\/uploads\\\/2026\\\/03\\\/8aef0b61-0f53-4642-bdc2-0bfdea57eee0.jpeg\",\"width\":1842,\"height\":1380},{\"@type\":\"BreadcrumbList\",\"@id\":\"https:\\\/\\\/bwbienen.com\\\/Homepage\\\/2026\\\/03\\\/07\\\/neue-ausstattung-fuer-die-f2-vielen-dank-an-unsere-sponsoren\\\/#breadcrumb\",\"itemListElement\":[{\"@type\":\"ListItem\",\"position\":1,\"name\":\"Startseite\",\"item\":\"https:\\\/\\\/bwbienen.com\\\/Homepage\\\/\"},{\"@type\":\"ListItem\",\"position\":2,\"name\":\"Neue Ausstattung f\u00fcr die F2 \u2013 Vielen Dank an unsere Sponsoren!\"}]},{\"@type\":\"WebSite\",\"@id\":\"https:\\\/\\\/bwbienen.com\\\/Homepage\\\/#website\",\"url\":\"https:\\\/\\\/bwbienen.com\\\/Homepage\\\/\",\"name\":\"BW Bienen\",\"description\":\"Der Fu\u00dfballverein am Niederrhein\",\"potentialAction\":[{\"@type\":\"SearchAction\",\"target\":{\"@type\":\"EntryPoint\",\"urlTemplate\":\"https:\\\/\\\/bwbienen.com\\\/Homepage\\\/?s={search_term_string}\"},\"query-input\":{\"@type\":\"PropertyValueSpecification\",\"valueRequired\":true,\"valueName\":\"search_term_string\"}}],\"inLanguage\":\"de\"},{\"@type\":\"Person\",\"@id\":\"https:\\\/\\\/bwbienen.com\\\/Homepage\\\/#\\\/schema\\\/person\\\/5789cd13b7a345d6c9af4670aefef79b\",\"name\":\"Raphael Schmitz\",\"image\":{\"@type\":\"ImageObject\",\"inLanguage\":\"de\",\"@id\":\"https:\\\/\\\/secure.gravatar.com\\\/avatar\\\/629becd4172d26aba45f6b15ba35e59a5ebacfcd160effe96dfec4ace6b78df0?s=96&d=mm&r=g\",\"url\":\"https:\\\/\\\/secure.gravatar.com\\\/avatar\\\/629becd4172d26aba45f6b15ba35e59a5ebacfcd160effe96dfec4ace6b78df0?s=96&d=mm&r=g\",\"contentUrl\":\"https:\\\/\\\/secure.gravatar.com\\\/avatar\\\/629becd4172d26aba45f6b15ba35e59a5ebacfcd160effe96dfec4ace6b78df0?s=96&d=mm&r=g\",\"caption\":\"Raphael Schmitz\"},\"url\":\"https:\\\/\\\/bwbienen.com\\\/Homepage\\\/author\\\/raphas\\\/\"}]}<\/script>\n<!-- \/ Yoast SEO plugin. -->","yoast_head_json":{"title":"Neue Ausstattung f\u00fcr die F2 \u2013 Vielen Dank an unsere Sponsoren! - BW Bienen","robots":{"index":"index","follow":"follow","max-snippet":"max-snippet:-1","max-image-preview":"max-image-preview:large","max-video-preview":"max-video-preview:-1"},"canonical":"https:\/\/bwbienen.com\/Homepage\/2026\/03\/07\/neue-ausstattung-fuer-die-f2-vielen-dank-an-unsere-sponsoren\/","og_locale":"de_DE","og_type":"article","og_title":"Neue Ausstattung f\u00fcr die F2 \u2013 Vielen Dank an unsere Sponsoren! - BW Bienen","og_description":"Die F2-Fu\u00dfballmannschaft durfte sich \u00fcber eine tolle neue Ausstattung freuen. Dank der Unterst\u00fctzung der Alden Vermarktung West GmbH wurden die Spieler mit neuen Regenjacken ausgestattet. Zus\u00e4tzlich erhielt das Team von der Joormann GmbH Bauunternehmung\u00a0neue Trainingsanz\u00fcge. Die gesamte Mannschaft sowie das Trainerteam um Marco Temath, Hein van Alst und Matthias Beenen bedanken sich herzlich bei den [&hellip;]","og_url":"https:\/\/bwbienen.com\/Homepage\/2026\/03\/07\/neue-ausstattung-fuer-die-f2-vielen-dank-an-unsere-sponsoren\/","og_site_name":"BW Bienen","article_published_time":"2026-03-07T12:56:07+00:00","og_image":[{"width":1842,"height":1380,"url":"https:\/\/bwbienen.com\/Homepage\/wp-content\/uploads\/2026\/03\/8aef0b61-0f53-4642-bdc2-0bfdea57eee0.jpeg","type":"image\/jpeg"}],"author":"Raphael Schmitz","twitter_card":"summary_large_image","twitter_misc":{"Verfasst von":"Raphael Schmitz","Gesch\u00e4tzte Lesezeit":"1\u00a0Minute"},"schema":{"@context":"https:\/\/schema.org","@graph":[{"@type":"Article","@id":"https:\/\/bwbienen.com\/Homepage\/2026\/03\/07\/neue-ausstattung-fuer-die-f2-vielen-dank-an-unsere-sponsoren\/#article","isPartOf":{"@id":"https:\/\/bwbienen.com\/Homepage\/2026\/03\/07\/neue-ausstattung-fuer-die-f2-vielen-dank-an-unsere-sponsoren\/"},"author":{"name":"Raphael Schmitz","@id":"https:\/\/bwbienen.com\/Homepage\/#\/schema\/person\/5789cd13b7a345d6c9af4670aefef79b"},"headline":"Neue Ausstattung f\u00fcr die F2 \u2013 Vielen Dank an unsere Sponsoren!","datePublished":"2026-03-07T12:56:07+00:00","mainEntityOfPage":{"@id":"https:\/\/bwbienen.com\/Homepage\/2026\/03\/07\/neue-ausstattung-fuer-die-f2-vielen-dank-an-unsere-sponsoren\/"},"wordCount":109,"commentCount":0,"image":{"@id":"https:\/\/bwbienen.com\/Homepage\/2026\/03\/07\/neue-ausstattung-fuer-die-f2-vielen-dank-an-unsere-sponsoren\/#primaryimage"},"thumbnailUrl":"https:\/\/bwbienen.com\/Homepage\/wp-content\/uploads\/2026\/03\/8aef0b61-0f53-4642-bdc2-0bfdea57eee0-300x225.jpeg","inLanguage":"de","potentialAction":[{"@type":"CommentAction","name":"Comment","target":["https:\/\/bwbienen.com\/Homepage\/2026\/03\/07\/neue-ausstattung-fuer-die-f2-vielen-dank-an-unsere-sponsoren\/#respond"]}]},{"@type":"WebPage","@id":"https:\/\/bwbienen.com\/Homepage\/2026\/03\/07\/neue-ausstattung-fuer-die-f2-vielen-dank-an-unsere-sponsoren\/","url":"https:\/\/bwbienen.com\/Homepage\/2026\/03\/07\/neue-ausstattung-fuer-die-f2-vielen-dank-an-unsere-sponsoren\/","name":"Neue Ausstattung f\u00fcr die F2 \u2013 Vielen Dank an unsere Sponsoren! - BW Bienen","isPartOf":{"@id":"https:\/\/bwbienen.com\/Homepage\/#website"},"primaryImageOfPage":{"@id":"https:\/\/bwbienen.com\/Homepage\/2026\/03\/07\/neue-ausstattung-fuer-die-f2-vielen-dank-an-unsere-sponsoren\/#primaryimage"},"image":{"@id":"https:\/\/bwbienen.com\/Homepage\/2026\/03\/07\/neue-ausstattung-fuer-die-f2-vielen-dank-an-unsere-sponsoren\/#primaryimage"},"thumbnailUrl":"https:\/\/bwbienen.com\/Homepage\/wp-content\/uploads\/2026\/03\/8aef0b61-0f53-4642-bdc2-0bfdea57eee0-300x225.jpeg","datePublished":"2026-03-07T12:56:07+00:00","author":{"@id":"https:\/\/bwbienen.com\/Homepage\/#\/schema\/person\/5789cd13b7a345d6c9af4670aefef79b"},"breadcrumb":{"@id":"https:\/\/bwbienen.com\/Homepage\/2026\/03\/07\/neue-ausstattung-fuer-die-f2-vielen-dank-an-unsere-sponsoren\/#breadcrumb"},"inLanguage":"de","potentialAction":[{"@type":"ReadAction","target":["https:\/\/bwbienen.com\/Homepage\/2026\/03\/07\/neue-ausstattung-fuer-die-f2-vielen-dank-an-unsere-sponsoren\/"]}]},{"@type":"ImageObject","inLanguage":"de","@id":"https:\/\/bwbienen.com\/Homepage\/2026\/03\/07\/neue-ausstattung-fuer-die-f2-vielen-dank-an-unsere-sponsoren\/#primaryimage","url":"https:\/\/bwbienen.com\/Homepage\/wp-content\/uploads\/2026\/03\/8aef0b61-0f53-4642-bdc2-0bfdea57eee0.jpeg","contentUrl":"https:\/\/bwbienen.com\/Homepage\/wp-content\/uploads\/2026\/03\/8aef0b61-0f53-4642-bdc2-0bfdea57eee0.jpeg","width":1842,"height":1380},{"@type":"BreadcrumbList","@id":"https:\/\/bwbienen.com\/Homepage\/2026\/03\/07\/neue-ausstattung-fuer-die-f2-vielen-dank-an-unsere-sponsoren\/#breadcrumb","itemListElement":[{"@type":"ListItem","position":1,"name":"Startseite","item":"https:\/\/bwbienen.com\/Homepage\/"},{"@type":"ListItem","position":2,"name":"Neue Ausstattung f\u00fcr die F2 \u2013 Vielen Dank an unsere Sponsoren!"}]},{"@type":"WebSite","@id":"https:\/\/bwbienen.com\/Homepage\/#website","url":"https:\/\/bwbienen.com\/Homepage\/","name":"BW Bienen","description":"Der Fu\u00dfballverein am Niederrhein","potentialAction":[{"@type":"SearchAction","target":{"@type":"EntryPoint","urlTemplate":"https:\/\/bwbienen.com\/Homepage\/?s={search_term_string}"},"query-input":{"@type":"PropertyValueSpecification","valueRequired":true,"valueName":"search_term_string"}}],"inLanguage":"de"},{"@type":"Person","@id":"https:\/\/bwbienen.com\/Homepage\/#\/schema\/person\/5789cd13b7a345d6c9af4670aefef79b","name":"Raphael Schmitz","image":{"@type":"ImageObject","inLanguage":"de","@id":"https:\/\/secure.gravatar.com\/avatar\/629becd4172d26aba45f6b15ba35e59a5ebacfcd160effe96dfec4ace6b78df0?s=96&d=mm&r=g","url":"https:\/\/secure.gravatar.com\/avatar\/629becd4172d26aba45f6b15ba35e59a5ebacfcd160effe96dfec4ace6b78df0?s=96&d=mm&r=g","contentUrl":"https:\/\/secure.gravatar.com\/avatar\/629becd4172d26aba45f6b15ba35e59a5ebacfcd160effe96dfec4ace6b78df0?s=96&d=mm&r=g","caption":"Raphael Schmitz"},"url":"https:\/\/bwbienen.com\/Homepage\/author\/raphas\/"}]}},"_links":{"self":[{"href":"https:\/\/bwbienen.com\/Homepage\/wp-json\/wp\/v2\/posts\/1921","targetHints":{"allow":["GET"]}}],"collection":[{"href":"https:\/\/bwbienen.com\/Homepage\/wp-json\/wp\/v2\/posts"}],"about":[{"href":"https:\/\/bwbienen.com\/Homepage\/wp-json\/wp\/v2\/types\/post"}],"author":[{"embeddable":true,"href":"https:\/\/bwbienen.com\/Homepage\/wp-json\/wp\/v2\/users\/4"}],"replies":[{"embeddable":true,"href":"https:\/\/bwbienen.com\/Homepage\/wp-json\/wp\/v2\/comments?post=1921"}],"version-history":[{"count":1,"href":"https:\/\/bwbienen.com\/Homepage\/wp-json\/wp\/v2\/posts\/1921\/revisions"}],"predecessor-version":[{"id":1923,"href":"https:\/\/bwbienen.com\/Homepage\/wp-json\/wp\/v2\/posts\/1921\/revisions\/1923"}],"wp:attachment":[{"href":"https:\/\/bwbienen.com\/Homepage\/wp-json\/wp\/v2\/media?parent=1921"}],"wp:term":[{"taxonomy":"category","embeddable":true,"href":"https:\/\/bwbienen.com\/Homepage\/wp-json\/wp\/v2\/categories?post=1921"},{"taxonomy":"post_tag","embeddable":true,"href":"https:\/\/bwbienen.com\/Homepage\/wp-json\/wp\/v2\/tags?post=1921"}],"curies":[{"name":"wp","href":"https:\/\/api.w.org\/{rel}","templated":true}]}}