{"id":1660,"date":"2023-08-16T19:45:01","date_gmt":"2023-08-16T17:45:01","guid":{"rendered":"http:\/\/bwbienen.com\/Homepage\/?p=1660"},"modified":"2023-08-16T19:45:01","modified_gmt":"2023-08-16T17:45:01","slug":"%f0%9f%92%99%f0%9f%a4%8d-rueckblick-jubilaeum-ausblick-aktuelle-woche-%f0%9f%a4%8d%f0%9f%92%99","status":"publish","type":"post","link":"https:\/\/bwbienen.com\/Homepage\/2023\/08\/16\/%f0%9f%92%99%f0%9f%a4%8d-rueckblick-jubilaeum-ausblick-aktuelle-woche-%f0%9f%a4%8d%f0%9f%92%99\/","title":{"rendered":"\ud83d\udc99\ud83e\udd0d R\u00fcckblick Jubil\u00e4um &#038; Ausblick aktuelle Woche \ud83e\udd0d\ud83d\udc99"},"content":{"rendered":"<p><img fetchpriority=\"high\" decoding=\"async\" class=\"aligncenter size-medium wp-image-1663\" src=\"https:\/\/bwbienen.com\/Homepage\/wp-content\/uploads\/2023\/08\/FB_IMG_1692207781991-300x172.jpg\" alt=\"\" width=\"300\" height=\"172\" srcset=\"https:\/\/bwbienen.com\/Homepage\/wp-content\/uploads\/2023\/08\/FB_IMG_1692207781991-300x172.jpg 300w, https:\/\/bwbienen.com\/Homepage\/wp-content\/uploads\/2023\/08\/FB_IMG_1692207781991-1024x587.jpg 1024w, https:\/\/bwbienen.com\/Homepage\/wp-content\/uploads\/2023\/08\/FB_IMG_1692207781991-768x440.jpg 768w, https:\/\/bwbienen.com\/Homepage\/wp-content\/uploads\/2023\/08\/FB_IMG_1692207781991-2x1.jpg 2w, https:\/\/bwbienen.com\/Homepage\/wp-content\/uploads\/2023\/08\/FB_IMG_1692207781991.jpg 1080w\" sizes=\"(max-width: 300px) 100vw, 300px\" \/><\/p>\n<p><span style=\"font-size: 14px;\">\ud83d\udc99\ud83e\udd0d R\u00fcckblick Jubil\u00e4um &amp; Ausblick aktuelle Woche \ud83e\udd0d\ud83d\udc99<\/span><\/p>\n<p style=\"text-align: left;\">\n<p>Am vergangenen Samstag war es endlich soweit. BWB feierte sein 77-j\u00e4hriges Jubil\u00e4um und weit \u00fcber 300 Mitglieder, Freunde und Fussballbegeistere fanden den Weg ins Rhein-Lander Stadion.<\/p>\n<p>Bereits ab 11 Uhr konnten sich die Kleinsten unter uns an verschiedensten Spielen wie Fussballkegeln &amp; Fussballcurling probieren, sich schminken lassen oder auf der H\u00fcpfburg austoben. St\u00e4rkung gab es in der Cafeteria mit frisch gebackenen Waffeln, Kuchen und hei\u00dfem Kaffee. \ud83c\udf70\u2615 Im weiteren Verlauf des Tages ver\u00e4nderte sich das kulinarische Erlebnis der G\u00e4ste aber eher in Richtung Kaltgetr\u00e4nke, Pommes und Bratwurst. \ud83c\udf7b\ud83c\udf5f\ud83c\udf2d<\/p>\n<p>&nbsp;<\/p>\n<p><img decoding=\"async\" class=\"aligncenter size-medium wp-image-1662\" src=\"https:\/\/bwbienen.com\/Homepage\/wp-content\/uploads\/2023\/08\/IMG-20230814-WA0002-300x225.jpg\" alt=\"\" width=\"300\" height=\"225\" srcset=\"https:\/\/bwbienen.com\/Homepage\/wp-content\/uploads\/2023\/08\/IMG-20230814-WA0002-300x225.jpg 300w, https:\/\/bwbienen.com\/Homepage\/wp-content\/uploads\/2023\/08\/IMG-20230814-WA0002-1024x768.jpg 1024w, https:\/\/bwbienen.com\/Homepage\/wp-content\/uploads\/2023\/08\/IMG-20230814-WA0002-768x576.jpg 768w, https:\/\/bwbienen.com\/Homepage\/wp-content\/uploads\/2023\/08\/IMG-20230814-WA0002-1536x1152.jpg 1536w, https:\/\/bwbienen.com\/Homepage\/wp-content\/uploads\/2023\/08\/IMG-20230814-WA0002-1x1.jpg 1w, https:\/\/bwbienen.com\/Homepage\/wp-content\/uploads\/2023\/08\/IMG-20230814-WA0002.jpg 2048w\" sizes=\"(max-width: 300px) 100vw, 300px\" \/><\/p>\n<p>&nbsp;<\/p>\n<p>Nach einem internen Spiel der D1 gegen die D2 Jugend, startete unsere #Zweite gegen die Zweitvertretung aus Rheingold Emmerich in die neue Saison. Das Spiel ging leider mit 1:3 verloren. Im Anschluss lieferten unsere Kleinsten uns eine grandiose Tanzvorstellung, ehe unsere #Erste , Fortuna Millingen im ersten Spiel der neuen Saison mit 3:1 bezwingen konnte. Bis tief in die Nacht feierten einige noch zusammen 77 Jahre Blau-Wei\u00df.<\/p>\n<p>&nbsp;<\/p>\n<p><img decoding=\"async\" class=\"aligncenter size-medium wp-image-1661\" src=\"https:\/\/bwbienen.com\/Homepage\/wp-content\/uploads\/2023\/08\/IMG-20230814-WA0007-300x225.jpg\" alt=\"\" width=\"300\" height=\"225\" srcset=\"https:\/\/bwbienen.com\/Homepage\/wp-content\/uploads\/2023\/08\/IMG-20230814-WA0007-300x225.jpg 300w, https:\/\/bwbienen.com\/Homepage\/wp-content\/uploads\/2023\/08\/IMG-20230814-WA0007-1024x768.jpg 1024w, https:\/\/bwbienen.com\/Homepage\/wp-content\/uploads\/2023\/08\/IMG-20230814-WA0007-768x576.jpg 768w, https:\/\/bwbienen.com\/Homepage\/wp-content\/uploads\/2023\/08\/IMG-20230814-WA0007-1536x1152.jpg 1536w, https:\/\/bwbienen.com\/Homepage\/wp-content\/uploads\/2023\/08\/IMG-20230814-WA0007-1x1.jpg 1w, https:\/\/bwbienen.com\/Homepage\/wp-content\/uploads\/2023\/08\/IMG-20230814-WA0007.jpg 2016w\" sizes=\"(max-width: 300px) 100vw, 300px\" \/><\/p>\n<p>&nbsp;<\/p>\n<p>Bereits morgen empf\u00e4ngt unsere #Erste SV Spellen II auf heimischer Anlage. Ansto\u00df ist um 19:30 Uhr.<\/p>\n<p>&nbsp;<\/p>\n<p>F\u00fcr unsere #Zweite geht es am Sonntag um 13 Uhr weiter. Hier k\u00e4mpft man gegen TuB Mussum IV um die ersten Z\u00e4hler.<\/p>\n<p style=\"text-align: left;\">\n<p>#nurderBWB #Zusammenhalt #Freundschaft #Tradition<\/p>\n","protected":false},"excerpt":{"rendered":"<p>\ud83d\udc99\ud83e\udd0d R\u00fcckblick Jubil\u00e4um &amp; Ausblick aktuelle Woche \ud83e\udd0d\ud83d\udc99 Am vergangenen Samstag war es endlich soweit. BWB feierte sein 77-j\u00e4hriges Jubil\u00e4um und weit \u00fcber 300 Mitglieder, Freunde und Fussballbegeistere fanden den Weg ins Rhein-Lander Stadion. Bereits ab 11 Uhr konnten sich die Kleinsten unter uns an verschiedensten Spielen wie Fussballkegeln &amp; Fussballcurling probieren, sich schminken lassen [&hellip;]<\/p>\n","protected":false},"author":3,"featured_media":0,"comment_status":"open","ping_status":"open","sticky":false,"template":"","format":"standard","meta":{"footnotes":""},"categories":[1],"tags":[],"class_list":["post-1660","post","type-post","status-publish","format-standard","hentry","category-allgemein"],"yoast_head":"<!-- This site is optimized with the Yoast SEO plugin v27.4 - https:\/\/yoast.com\/product\/yoast-seo-wordpress\/ -->\n<title>\ud83d\udc99\ud83e\udd0d R\u00fcckblick Jubil\u00e4um &amp; Ausblick aktuelle Woche \ud83e\udd0d\ud83d\udc99 - BW Bienen<\/title>\n<meta name=\"robots\" content=\"index, follow, max-snippet:-1, max-image-preview:large, max-video-preview:-1\" \/>\n<link rel=\"canonical\" href=\"https:\/\/bwbienen.com\/Homepage\/2023\/08\/16\/\ud83d\udc99\ud83e\udd0d-rueckblick-jubilaeum-ausblick-aktuelle-woche-\ud83e\udd0d\ud83d\udc99\/\" \/>\n<meta property=\"og:locale\" content=\"de_DE\" \/>\n<meta property=\"og:type\" content=\"article\" \/>\n<meta property=\"og:title\" content=\"\ud83d\udc99\ud83e\udd0d R\u00fcckblick Jubil\u00e4um &amp; Ausblick aktuelle Woche \ud83e\udd0d\ud83d\udc99 - BW Bienen\" \/>\n<meta property=\"og:description\" content=\"\ud83d\udc99\ud83e\udd0d R\u00fcckblick Jubil\u00e4um &amp; Ausblick aktuelle Woche \ud83e\udd0d\ud83d\udc99 Am vergangenen Samstag war es endlich soweit. BWB feierte sein 77-j\u00e4hriges Jubil\u00e4um und weit \u00fcber 300 Mitglieder, Freunde und Fussballbegeistere fanden den Weg ins Rhein-Lander Stadion. Bereits ab 11 Uhr konnten sich die Kleinsten unter uns an verschiedensten Spielen wie Fussballkegeln &amp; Fussballcurling probieren, sich schminken lassen [&hellip;]\" \/>\n<meta property=\"og:url\" content=\"https:\/\/bwbienen.com\/Homepage\/2023\/08\/16\/\ud83d\udc99\ud83e\udd0d-rueckblick-jubilaeum-ausblick-aktuelle-woche-\ud83e\udd0d\ud83d\udc99\/\" \/>\n<meta property=\"og:site_name\" content=\"BW Bienen\" \/>\n<meta property=\"article:published_time\" content=\"2023-08-16T17:45:01+00:00\" \/>\n<meta property=\"og:image\" content=\"http:\/\/bwbienen.com\/Homepage\/wp-content\/uploads\/2023\/08\/FB_IMG_1692207781991-300x172.jpg\" \/>\n<meta name=\"author\" content=\"Frederik Br\u00fccker\" \/>\n<meta name=\"twitter:card\" content=\"summary_large_image\" \/>\n<meta name=\"twitter:label1\" content=\"Verfasst von\" \/>\n\t<meta name=\"twitter:data1\" content=\"Frederik Br\u00fccker\" \/>\n\t<meta name=\"twitter:label2\" content=\"Gesch\u00e4tzte Lesezeit\" \/>\n\t<meta name=\"twitter:data2\" content=\"2\u00a0Minuten\" \/>\n<script type=\"application\/ld+json\" class=\"yoast-schema-graph\">{\"@context\":\"https:\\\/\\\/schema.org\",\"@graph\":[{\"@type\":\"Article\",\"@id\":\"https:\\\/\\\/bwbienen.com\\\/Homepage\\\/2023\\\/08\\\/16\\\/%f0%9f%92%99%f0%9f%a4%8d-rueckblick-jubilaeum-ausblick-aktuelle-woche-%f0%9f%a4%8d%f0%9f%92%99\\\/#article\",\"isPartOf\":{\"@id\":\"https:\\\/\\\/bwbienen.com\\\/Homepage\\\/2023\\\/08\\\/16\\\/%f0%9f%92%99%f0%9f%a4%8d-rueckblick-jubilaeum-ausblick-aktuelle-woche-%f0%9f%a4%8d%f0%9f%92%99\\\/\"},\"author\":{\"name\":\"Frederik Br\u00fccker\",\"@id\":\"https:\\\/\\\/bwbienen.com\\\/Homepage\\\/#\\\/schema\\\/person\\\/356a05f91b949c41a1add8d89415d2f2\"},\"headline\":\"\ud83d\udc99\ud83e\udd0d R\u00fcckblick Jubil\u00e4um &#038; Ausblick aktuelle Woche \ud83e\udd0d\ud83d\udc99\",\"datePublished\":\"2023-08-16T17:45:01+00:00\",\"mainEntityOfPage\":{\"@id\":\"https:\\\/\\\/bwbienen.com\\\/Homepage\\\/2023\\\/08\\\/16\\\/%f0%9f%92%99%f0%9f%a4%8d-rueckblick-jubilaeum-ausblick-aktuelle-woche-%f0%9f%a4%8d%f0%9f%92%99\\\/\"},\"wordCount\":219,\"commentCount\":0,\"image\":{\"@id\":\"https:\\\/\\\/bwbienen.com\\\/Homepage\\\/2023\\\/08\\\/16\\\/%f0%9f%92%99%f0%9f%a4%8d-rueckblick-jubilaeum-ausblick-aktuelle-woche-%f0%9f%a4%8d%f0%9f%92%99\\\/#primaryimage\"},\"thumbnailUrl\":\"http:\\\/\\\/bwbienen.com\\\/Homepage\\\/wp-content\\\/uploads\\\/2023\\\/08\\\/FB_IMG_1692207781991-300x172.jpg\",\"inLanguage\":\"de\",\"potentialAction\":[{\"@type\":\"CommentAction\",\"name\":\"Comment\",\"target\":[\"https:\\\/\\\/bwbienen.com\\\/Homepage\\\/2023\\\/08\\\/16\\\/%f0%9f%92%99%f0%9f%a4%8d-rueckblick-jubilaeum-ausblick-aktuelle-woche-%f0%9f%a4%8d%f0%9f%92%99\\\/#respond\"]}]},{\"@type\":\"WebPage\",\"@id\":\"https:\\\/\\\/bwbienen.com\\\/Homepage\\\/2023\\\/08\\\/16\\\/%f0%9f%92%99%f0%9f%a4%8d-rueckblick-jubilaeum-ausblick-aktuelle-woche-%f0%9f%a4%8d%f0%9f%92%99\\\/\",\"url\":\"https:\\\/\\\/bwbienen.com\\\/Homepage\\\/2023\\\/08\\\/16\\\/%f0%9f%92%99%f0%9f%a4%8d-rueckblick-jubilaeum-ausblick-aktuelle-woche-%f0%9f%a4%8d%f0%9f%92%99\\\/\",\"name\":\"\ud83d\udc99\ud83e\udd0d R\u00fcckblick Jubil\u00e4um & Ausblick aktuelle Woche \ud83e\udd0d\ud83d\udc99 - BW Bienen\",\"isPartOf\":{\"@id\":\"https:\\\/\\\/bwbienen.com\\\/Homepage\\\/#website\"},\"primaryImageOfPage\":{\"@id\":\"https:\\\/\\\/bwbienen.com\\\/Homepage\\\/2023\\\/08\\\/16\\\/%f0%9f%92%99%f0%9f%a4%8d-rueckblick-jubilaeum-ausblick-aktuelle-woche-%f0%9f%a4%8d%f0%9f%92%99\\\/#primaryimage\"},\"image\":{\"@id\":\"https:\\\/\\\/bwbienen.com\\\/Homepage\\\/2023\\\/08\\\/16\\\/%f0%9f%92%99%f0%9f%a4%8d-rueckblick-jubilaeum-ausblick-aktuelle-woche-%f0%9f%a4%8d%f0%9f%92%99\\\/#primaryimage\"},\"thumbnailUrl\":\"http:\\\/\\\/bwbienen.com\\\/Homepage\\\/wp-content\\\/uploads\\\/2023\\\/08\\\/FB_IMG_1692207781991-300x172.jpg\",\"datePublished\":\"2023-08-16T17:45:01+00:00\",\"author\":{\"@id\":\"https:\\\/\\\/bwbienen.com\\\/Homepage\\\/#\\\/schema\\\/person\\\/356a05f91b949c41a1add8d89415d2f2\"},\"breadcrumb\":{\"@id\":\"https:\\\/\\\/bwbienen.com\\\/Homepage\\\/2023\\\/08\\\/16\\\/%f0%9f%92%99%f0%9f%a4%8d-rueckblick-jubilaeum-ausblick-aktuelle-woche-%f0%9f%a4%8d%f0%9f%92%99\\\/#breadcrumb\"},\"inLanguage\":\"de\",\"potentialAction\":[{\"@type\":\"ReadAction\",\"target\":[\"https:\\\/\\\/bwbienen.com\\\/Homepage\\\/2023\\\/08\\\/16\\\/%f0%9f%92%99%f0%9f%a4%8d-rueckblick-jubilaeum-ausblick-aktuelle-woche-%f0%9f%a4%8d%f0%9f%92%99\\\/\"]}]},{\"@type\":\"ImageObject\",\"inLanguage\":\"de\",\"@id\":\"https:\\\/\\\/bwbienen.com\\\/Homepage\\\/2023\\\/08\\\/16\\\/%f0%9f%92%99%f0%9f%a4%8d-rueckblick-jubilaeum-ausblick-aktuelle-woche-%f0%9f%a4%8d%f0%9f%92%99\\\/#primaryimage\",\"url\":\"https:\\\/\\\/bwbienen.com\\\/Homepage\\\/wp-content\\\/uploads\\\/2023\\\/08\\\/FB_IMG_1692207781991.jpg\",\"contentUrl\":\"https:\\\/\\\/bwbienen.com\\\/Homepage\\\/wp-content\\\/uploads\\\/2023\\\/08\\\/FB_IMG_1692207781991.jpg\",\"width\":1080,\"height\":619},{\"@type\":\"BreadcrumbList\",\"@id\":\"https:\\\/\\\/bwbienen.com\\\/Homepage\\\/2023\\\/08\\\/16\\\/%f0%9f%92%99%f0%9f%a4%8d-rueckblick-jubilaeum-ausblick-aktuelle-woche-%f0%9f%a4%8d%f0%9f%92%99\\\/#breadcrumb\",\"itemListElement\":[{\"@type\":\"ListItem\",\"position\":1,\"name\":\"Startseite\",\"item\":\"https:\\\/\\\/bwbienen.com\\\/Homepage\\\/\"},{\"@type\":\"ListItem\",\"position\":2,\"name\":\"\ud83d\udc99\ud83e\udd0d R\u00fcckblick Jubil\u00e4um &#038; Ausblick aktuelle Woche \ud83e\udd0d\ud83d\udc99\"}]},{\"@type\":\"WebSite\",\"@id\":\"https:\\\/\\\/bwbienen.com\\\/Homepage\\\/#website\",\"url\":\"https:\\\/\\\/bwbienen.com\\\/Homepage\\\/\",\"name\":\"BW Bienen\",\"description\":\"Der Fu\u00dfballverein am Niederrhein\",\"potentialAction\":[{\"@type\":\"SearchAction\",\"target\":{\"@type\":\"EntryPoint\",\"urlTemplate\":\"https:\\\/\\\/bwbienen.com\\\/Homepage\\\/?s={search_term_string}\"},\"query-input\":{\"@type\":\"PropertyValueSpecification\",\"valueRequired\":true,\"valueName\":\"search_term_string\"}}],\"inLanguage\":\"de\"},{\"@type\":\"Person\",\"@id\":\"https:\\\/\\\/bwbienen.com\\\/Homepage\\\/#\\\/schema\\\/person\\\/356a05f91b949c41a1add8d89415d2f2\",\"name\":\"Frederik Br\u00fccker\",\"image\":{\"@type\":\"ImageObject\",\"inLanguage\":\"de\",\"@id\":\"https:\\\/\\\/secure.gravatar.com\\\/avatar\\\/285c51f6da6bbb0e61610fcafd645de554ef6ed580a3247061056d87dd7e010e?s=96&d=mm&r=g\",\"url\":\"https:\\\/\\\/secure.gravatar.com\\\/avatar\\\/285c51f6da6bbb0e61610fcafd645de554ef6ed580a3247061056d87dd7e010e?s=96&d=mm&r=g\",\"contentUrl\":\"https:\\\/\\\/secure.gravatar.com\\\/avatar\\\/285c51f6da6bbb0e61610fcafd645de554ef6ed580a3247061056d87dd7e010e?s=96&d=mm&r=g\",\"caption\":\"Frederik Br\u00fccker\"},\"url\":\"https:\\\/\\\/bwbienen.com\\\/Homepage\\\/author\\\/frederik\\\/\"}]}<\/script>\n<!-- \/ Yoast SEO plugin. -->","yoast_head_json":{"title":"\ud83d\udc99\ud83e\udd0d R\u00fcckblick Jubil\u00e4um & Ausblick aktuelle Woche \ud83e\udd0d\ud83d\udc99 - BW Bienen","robots":{"index":"index","follow":"follow","max-snippet":"max-snippet:-1","max-image-preview":"max-image-preview:large","max-video-preview":"max-video-preview:-1"},"canonical":"https:\/\/bwbienen.com\/Homepage\/2023\/08\/16\/\ud83d\udc99\ud83e\udd0d-rueckblick-jubilaeum-ausblick-aktuelle-woche-\ud83e\udd0d\ud83d\udc99\/","og_locale":"de_DE","og_type":"article","og_title":"\ud83d\udc99\ud83e\udd0d R\u00fcckblick Jubil\u00e4um & Ausblick aktuelle Woche \ud83e\udd0d\ud83d\udc99 - BW Bienen","og_description":"\ud83d\udc99\ud83e\udd0d R\u00fcckblick Jubil\u00e4um &amp; Ausblick aktuelle Woche \ud83e\udd0d\ud83d\udc99 Am vergangenen Samstag war es endlich soweit. BWB feierte sein 77-j\u00e4hriges Jubil\u00e4um und weit \u00fcber 300 Mitglieder, Freunde und Fussballbegeistere fanden den Weg ins Rhein-Lander Stadion. Bereits ab 11 Uhr konnten sich die Kleinsten unter uns an verschiedensten Spielen wie Fussballkegeln &amp; Fussballcurling probieren, sich schminken lassen [&hellip;]","og_url":"https:\/\/bwbienen.com\/Homepage\/2023\/08\/16\/\ud83d\udc99\ud83e\udd0d-rueckblick-jubilaeum-ausblick-aktuelle-woche-\ud83e\udd0d\ud83d\udc99\/","og_site_name":"BW Bienen","article_published_time":"2023-08-16T17:45:01+00:00","og_image":[{"url":"http:\/\/bwbienen.com\/Homepage\/wp-content\/uploads\/2023\/08\/FB_IMG_1692207781991-300x172.jpg","type":"","width":"","height":""}],"author":"Frederik Br\u00fccker","twitter_card":"summary_large_image","twitter_misc":{"Verfasst von":"Frederik Br\u00fccker","Gesch\u00e4tzte Lesezeit":"2\u00a0Minuten"},"schema":{"@context":"https:\/\/schema.org","@graph":[{"@type":"Article","@id":"https:\/\/bwbienen.com\/Homepage\/2023\/08\/16\/%f0%9f%92%99%f0%9f%a4%8d-rueckblick-jubilaeum-ausblick-aktuelle-woche-%f0%9f%a4%8d%f0%9f%92%99\/#article","isPartOf":{"@id":"https:\/\/bwbienen.com\/Homepage\/2023\/08\/16\/%f0%9f%92%99%f0%9f%a4%8d-rueckblick-jubilaeum-ausblick-aktuelle-woche-%f0%9f%a4%8d%f0%9f%92%99\/"},"author":{"name":"Frederik Br\u00fccker","@id":"https:\/\/bwbienen.com\/Homepage\/#\/schema\/person\/356a05f91b949c41a1add8d89415d2f2"},"headline":"\ud83d\udc99\ud83e\udd0d R\u00fcckblick Jubil\u00e4um &#038; Ausblick aktuelle Woche \ud83e\udd0d\ud83d\udc99","datePublished":"2023-08-16T17:45:01+00:00","mainEntityOfPage":{"@id":"https:\/\/bwbienen.com\/Homepage\/2023\/08\/16\/%f0%9f%92%99%f0%9f%a4%8d-rueckblick-jubilaeum-ausblick-aktuelle-woche-%f0%9f%a4%8d%f0%9f%92%99\/"},"wordCount":219,"commentCount":0,"image":{"@id":"https:\/\/bwbienen.com\/Homepage\/2023\/08\/16\/%f0%9f%92%99%f0%9f%a4%8d-rueckblick-jubilaeum-ausblick-aktuelle-woche-%f0%9f%a4%8d%f0%9f%92%99\/#primaryimage"},"thumbnailUrl":"http:\/\/bwbienen.com\/Homepage\/wp-content\/uploads\/2023\/08\/FB_IMG_1692207781991-300x172.jpg","inLanguage":"de","potentialAction":[{"@type":"CommentAction","name":"Comment","target":["https:\/\/bwbienen.com\/Homepage\/2023\/08\/16\/%f0%9f%92%99%f0%9f%a4%8d-rueckblick-jubilaeum-ausblick-aktuelle-woche-%f0%9f%a4%8d%f0%9f%92%99\/#respond"]}]},{"@type":"WebPage","@id":"https:\/\/bwbienen.com\/Homepage\/2023\/08\/16\/%f0%9f%92%99%f0%9f%a4%8d-rueckblick-jubilaeum-ausblick-aktuelle-woche-%f0%9f%a4%8d%f0%9f%92%99\/","url":"https:\/\/bwbienen.com\/Homepage\/2023\/08\/16\/%f0%9f%92%99%f0%9f%a4%8d-rueckblick-jubilaeum-ausblick-aktuelle-woche-%f0%9f%a4%8d%f0%9f%92%99\/","name":"\ud83d\udc99\ud83e\udd0d R\u00fcckblick Jubil\u00e4um & Ausblick aktuelle Woche \ud83e\udd0d\ud83d\udc99 - BW Bienen","isPartOf":{"@id":"https:\/\/bwbienen.com\/Homepage\/#website"},"primaryImageOfPage":{"@id":"https:\/\/bwbienen.com\/Homepage\/2023\/08\/16\/%f0%9f%92%99%f0%9f%a4%8d-rueckblick-jubilaeum-ausblick-aktuelle-woche-%f0%9f%a4%8d%f0%9f%92%99\/#primaryimage"},"image":{"@id":"https:\/\/bwbienen.com\/Homepage\/2023\/08\/16\/%f0%9f%92%99%f0%9f%a4%8d-rueckblick-jubilaeum-ausblick-aktuelle-woche-%f0%9f%a4%8d%f0%9f%92%99\/#primaryimage"},"thumbnailUrl":"http:\/\/bwbienen.com\/Homepage\/wp-content\/uploads\/2023\/08\/FB_IMG_1692207781991-300x172.jpg","datePublished":"2023-08-16T17:45:01+00:00","author":{"@id":"https:\/\/bwbienen.com\/Homepage\/#\/schema\/person\/356a05f91b949c41a1add8d89415d2f2"},"breadcrumb":{"@id":"https:\/\/bwbienen.com\/Homepage\/2023\/08\/16\/%f0%9f%92%99%f0%9f%a4%8d-rueckblick-jubilaeum-ausblick-aktuelle-woche-%f0%9f%a4%8d%f0%9f%92%99\/#breadcrumb"},"inLanguage":"de","potentialAction":[{"@type":"ReadAction","target":["https:\/\/bwbienen.com\/Homepage\/2023\/08\/16\/%f0%9f%92%99%f0%9f%a4%8d-rueckblick-jubilaeum-ausblick-aktuelle-woche-%f0%9f%a4%8d%f0%9f%92%99\/"]}]},{"@type":"ImageObject","inLanguage":"de","@id":"https:\/\/bwbienen.com\/Homepage\/2023\/08\/16\/%f0%9f%92%99%f0%9f%a4%8d-rueckblick-jubilaeum-ausblick-aktuelle-woche-%f0%9f%a4%8d%f0%9f%92%99\/#primaryimage","url":"https:\/\/bwbienen.com\/Homepage\/wp-content\/uploads\/2023\/08\/FB_IMG_1692207781991.jpg","contentUrl":"https:\/\/bwbienen.com\/Homepage\/wp-content\/uploads\/2023\/08\/FB_IMG_1692207781991.jpg","width":1080,"height":619},{"@type":"BreadcrumbList","@id":"https:\/\/bwbienen.com\/Homepage\/2023\/08\/16\/%f0%9f%92%99%f0%9f%a4%8d-rueckblick-jubilaeum-ausblick-aktuelle-woche-%f0%9f%a4%8d%f0%9f%92%99\/#breadcrumb","itemListElement":[{"@type":"ListItem","position":1,"name":"Startseite","item":"https:\/\/bwbienen.com\/Homepage\/"},{"@type":"ListItem","position":2,"name":"\ud83d\udc99\ud83e\udd0d R\u00fcckblick Jubil\u00e4um &#038; Ausblick aktuelle Woche \ud83e\udd0d\ud83d\udc99"}]},{"@type":"WebSite","@id":"https:\/\/bwbienen.com\/Homepage\/#website","url":"https:\/\/bwbienen.com\/Homepage\/","name":"BW Bienen","description":"Der Fu\u00dfballverein am Niederrhein","potentialAction":[{"@type":"SearchAction","target":{"@type":"EntryPoint","urlTemplate":"https:\/\/bwbienen.com\/Homepage\/?s={search_term_string}"},"query-input":{"@type":"PropertyValueSpecification","valueRequired":true,"valueName":"search_term_string"}}],"inLanguage":"de"},{"@type":"Person","@id":"https:\/\/bwbienen.com\/Homepage\/#\/schema\/person\/356a05f91b949c41a1add8d89415d2f2","name":"Frederik Br\u00fccker","image":{"@type":"ImageObject","inLanguage":"de","@id":"https:\/\/secure.gravatar.com\/avatar\/285c51f6da6bbb0e61610fcafd645de554ef6ed580a3247061056d87dd7e010e?s=96&d=mm&r=g","url":"https:\/\/secure.gravatar.com\/avatar\/285c51f6da6bbb0e61610fcafd645de554ef6ed580a3247061056d87dd7e010e?s=96&d=mm&r=g","contentUrl":"https:\/\/secure.gravatar.com\/avatar\/285c51f6da6bbb0e61610fcafd645de554ef6ed580a3247061056d87dd7e010e?s=96&d=mm&r=g","caption":"Frederik Br\u00fccker"},"url":"https:\/\/bwbienen.com\/Homepage\/author\/frederik\/"}]}},"_links":{"self":[{"href":"https:\/\/bwbienen.com\/Homepage\/wp-json\/wp\/v2\/posts\/1660","targetHints":{"allow":["GET"]}}],"collection":[{"href":"https:\/\/bwbienen.com\/Homepage\/wp-json\/wp\/v2\/posts"}],"about":[{"href":"https:\/\/bwbienen.com\/Homepage\/wp-json\/wp\/v2\/types\/post"}],"author":[{"embeddable":true,"href":"https:\/\/bwbienen.com\/Homepage\/wp-json\/wp\/v2\/users\/3"}],"replies":[{"embeddable":true,"href":"https:\/\/bwbienen.com\/Homepage\/wp-json\/wp\/v2\/comments?post=1660"}],"version-history":[{"count":1,"href":"https:\/\/bwbienen.com\/Homepage\/wp-json\/wp\/v2\/posts\/1660\/revisions"}],"predecessor-version":[{"id":1664,"href":"https:\/\/bwbienen.com\/Homepage\/wp-json\/wp\/v2\/posts\/1660\/revisions\/1664"}],"wp:attachment":[{"href":"https:\/\/bwbienen.com\/Homepage\/wp-json\/wp\/v2\/media?parent=1660"}],"wp:term":[{"taxonomy":"category","embeddable":true,"href":"https:\/\/bwbienen.com\/Homepage\/wp-json\/wp\/v2\/categories?post=1660"},{"taxonomy":"post_tag","embeddable":true,"href":"https:\/\/bwbienen.com\/Homepage\/wp-json\/wp\/v2\/tags?post=1660"}],"curies":[{"name":"wp","href":"https:\/\/api.w.org\/{rel}","templated":true}]}}